{"id":803,"date":"2020-08-24T08:00:22","date_gmt":"2020-08-24T06:00:22","guid":{"rendered":"https:\/\/development-by.schwarzer.de\/blog\/?p=803"},"modified":"2020-09-11T14:22:37","modified_gmt":"2020-09-11T12:22:37","slug":"dsgvo-strafen","status":"publish","type":"post","link":"https:\/\/development-by.schwarzer.de\/blog\/dsgvo-strafen\/","title":{"rendered":"DSGVO-Strafen in 2020: wof\u00fcr Strafen verh\u00e4ngt werden und wie man sie vermeidet"},"content":{"rendered":"<p><!-- <ezTOC> -->Im Jahr 2020 wurden bislang bereits empfindliche <strong>DSGVO-Strafen<\/strong> und <strong>-Bu\u00dfgelder<\/strong> verh\u00e4ngt. Mittlerweile ist es mehr als zwei Jahre her, seit die Datenschutzgrundverordnung (DSGVO) in der EU und im Europ\u00e4ischen Wirtschaftsraum umgesetzt wurde. Die Bu\u00dfgelder und Strafen, die Datenschutzbeh\u00f6rden in der EU im Rahmen der DSGVO verh\u00e4ngt haben, zeigen, welche L\u00e4nder am meisten gegen die DSGVO versto\u00dfen. Auch die Gesamtstrafe der EU-L\u00e4nder seit Jahresbeginn (2020) ist interessant.<br \/>\n<!--more--><\/p>\n<h2>DSGVO-Strafen zeigen: Datenschutz wird ernst genommen<\/h2>\n<p>Wir haben die Daten aus dem <a href=\"https:\/\/www.enforcementtracker.com\/\" rel=\"noopener noreferrer\" target=\"_blank\">BIPR Enforcement Tracker<\/a>, einer Bu\u00dfgelder Datenbank, gezogen. Die Strafen und Geldbu\u00dfen datieren 2020. Nicht alle Geldstrafen werden \u00f6ffentlich gemacht, daher bleibt das Ranking auf \u00f6ffentlich die zug\u00e4nglichen Geldbu\u00dfen beschr\u00e4nkt.<\/p>\n<h3>Das Strafma\u00df<\/h3>\n<p>Die gesamten DSGVO-Strafen belaufen sich auf 60.181.250 Euro. Die h\u00e4ufigste Verletzung der DSGVO ist die unzureichende Rechtsgrundlage f\u00fcr die Datenverarbeitung. Das Land mit den meisten Verst\u00f6\u00dfen gegen die DSGVO ist Spanien mit 76 F\u00e4llen von DSGVO-Strafen. Italien ist mit 45,6 Mio. EUR das Land mit der h\u00f6chsten DSGVO-Strafe.<\/p>\n<div class='tablewrap'>\n<table class='data'>\n<caption>EU&#8209;L\u00e4nder&nbsp;nach&nbsp;DSGVO-Strafen&nbsp;im&nbsp;Jahr&nbsp;2020<\/caption>\n<tr>\n<th class='tdcenter'>Rang<\/th>\n<th>Land<\/th>\n<th class='tdright'>Strafsumme<\/th>\n<th class='tdright'>Anzahl Strafen<\/th>\n<\/tr>\n<tr>\n<td class='tdcenter'>1<\/td>\n<td>Italien<\/td>\n<td class='tdright'>45.609.000,00 Euro<\/td>\n<td class='tdright'>13<\/td>\n<\/tr>\n<tr>\n<td class='tdcenter'>2<\/td>\n<td>Schweden<\/td>\n<td class='tdright'>7.031.800,00 Euro<\/td>\n<td class='tdright'>4<\/td>\n<\/tr>\n<tr>\n<td class='tdcenter'>3<\/td>\n<td>Niederlande<\/td>\n<td class='tdright'>2.080.000,00 Euro<\/td>\n<td class='tdright'>3<\/td>\n<\/tr>\n<tr>\n<td class='tdcenter'>4<\/td>\n<td>Spanien<\/td>\n<td class='tdright'>1.952.810,00 Euro<\/td>\n<td class='tdright'>76<\/td>\n<\/tr>\n<tr>\n<td class='tdcenter'>5<\/td>\n<td>Deutschland<\/td>\n<td class='tdright'>1.240.000,00 Euro<\/td>\n<td class='tdright'>1<\/td>\n<\/tr>\n<tr>\n<td class='tdcenter'>6<\/td>\n<td>Norwegen<\/td>\n<td class='tdright'>742.060,00 Euro<\/td>\n<td class='tdright'>8<\/td>\n<\/tr>\n<tr>\n<td class='tdcenter'>7<\/td>\n<td>Belgien<\/td>\n<td class='tdright'>717.000,00 Euro<\/td>\n<td class='tdright'>7<\/td>\n<\/tr>\n<tr>\n<td class='tdcenter'>8<\/td>\n<td>Ungarn<\/td>\n<td class='tdright'>299.300,00 Euro<\/td>\n<td class='tdright'>6<\/td>\n<\/tr>\n<tr>\n<td class='tdcenter'>9<\/td>\n<td>Finnland<\/td>\n<td class='tdright'>200.500,00 Euro<\/td>\n<td class='tdright'>4<\/td>\n<\/tr>\n<tr>\n<td class='tdcenter'>10<\/td>\n<td>Irland<\/td>\n<td class='tdright'>115.000,00 Euro<\/td>\n<td class='tdright'>2<\/td>\n<\/tr>\n<tr>\n<td class='quelle' colspan='4'><a href='https:\/\/www.enforcementtracker.com\/' target='_blank' rel=\"noopener noreferrer\">Quelle<\/a><\/td>\n<\/tr>\n<\/table>\n<\/div>\n<h2>F\u00fcnf h\u00e4ufige Fragen zu DSGVO-Strafen<\/h2>\n<h3>Wie hoch sind DSGVO-Strafen?<\/h3>\n<p>DSGVO-Strafen erreichen eine H\u00f6he von bis 20 Millionen Euro. Teurer kann es werden, wenn die Verst\u00f6\u00dfe von einem weltweit t\u00e4tigen Unternehmen begangen werden. Hier kann die DSGVO-Strafe bis zu 4 Prozent des Umsatzes des Jahres betragen. Dieser betrag kann die 20 Millionengrenze \u00fcbersteigen.<\/p>\n<h3>Wonach errechnet sich die H\u00f6he von DSGVO Bu\u00dfgeldern?<\/h3>\n<p>Es h\u00e4ngt vom Einzelfall ab. Bei der Ermittlung der H\u00f6he einer DSGVO-Strafe wird ber\u00fccksichtigt: (vereinfacht und zusammengefasst)<\/p>\n<ul class=\"short\">\n<li>Art, Schwere und Dauer des Versto\u00dfes<\/li>\n<li>Art, Umfangs und Zweck der Verarbeitung<\/li>\n<li>Wie viele Personen sind von der Verarbeitung betroffenen?<\/li>\n<li>Wie hoch ist der erlittene Schaden?<\/li>\n<li>Geschah der Versto\u00df vors\u00e4tzlich oder fahrl\u00e4ssig?<\/li>\n<li>Welche Ma\u00dfnahmen zur Minderung des Schadens wurden vom Verantwortlichen oder dem Auftragsverarbeiter getroffen<\/li>\n<li>Wie ist der Grad der Verantwortung des Verantwortlichen oder des Auftragsverarbeiters?<\/li>\n<li>Gab es fr\u00fchere Verst\u00f6\u00dfe des Verantwortlichen oder des Auftragsverarbeiters gegen die DSGVO?<\/li>\n<li>Wie verlief die Zusammenarbeit mit der Aufsichtsbeh\u00f6rde?<\/li>\n<li>Welche Kategorien personenbezogener Daten sind von dem Versto\u00df betroffen?<\/li>\n<li>Wie wurde der Versto\u00df der Aufsichtsbeh\u00f6rde bekannt?<\/li>\n<li>Gab es fr\u00fcher Ma\u00dfnahmen gem\u00e4\u00df Artikel 58 Absatz 2 gegen den Verantwortlichen oder Auftragsverarbeiter zum selben Gegenstand und wurden diese eingehalten?<\/li>\n<li>Wurden genehmigte Verhaltensregeln nach Artikel 40 oder genehmigte Zertifizierungsverfahren nach Artikel 42 eingehalten?<\/li>\n<li>Gab es durch den Versto\u00df erlangte finanzielle Vorteile oder vermiedene Verluste?<\/li>\n<\/ul>\n<h3>Welche Unternehmen treffen die DSGVO-Strafen ganz besonders?<\/h3>\n<p>Man gewinnt den Eindruck, dass derzeit besonders gro\u00dfe Unternehmen im Visier der Beh\u00f6rden stehen. Nachdem aber auch kleine und mittlere Unternehmen DSGVO-Strafen erhielten, sollte ein jedes Unternehmen wachsam sein.<\/p>\n<h3>K\u00f6nnen DSGVO-Strafen gegen Beh\u00f6rden verh\u00e4ngt werden?<\/h3>\n<p>Die Bundesrepublik Deutschland hat von ihrer Wahlm\u00f6glichkeit Gebrauch gemacht und entschieden, dass gegen Beh\u00f6rden keine DSGVO-Strafen verh\u00e4ngt werden k\u00f6nnen. Dies findet sich in \u00a7 43 Absatz 3 des Bundesdatenschutzgesetzes.<\/p>\n<h3>Wie kann man DSGVO-Strafen vermeiden?<\/h3>\n<p>F\u00fcr den Bereich der Online-Plattformen und der daran angeschlossenen innerbetrieblichen Arbeitsprozesse ist eine Abstimmung aller Planungen und Umsetzungen von Ver\u00e4nderungen an der Plattform und an den Arbeitsprozessen mit dem Datenschutzbeauftragten sowie mit der ausf\u00fchrenden technischen Agentur wichtig. Es muss unter anderem klar dokumentiert werden, <\/p>\n<ul class=\"short\">\n<li>welche Daten bei einzelnen Prozessschritten anfallen, <\/li>\n<li>wo diese gespeichert werden,<\/li>\n<li>wer im Rahmen der Verarbeitung Zugang zu den Daten hat,<\/li>\n<li>wer sonstigen Zugang zu den Daten hat,<\/li>\n<li>wie Zugriffe protokolliert werden.<\/li>\n<\/ul>\n<p>Wenn Sie unsicher sind, wie Daten auf Ihren Online-Plattformen geh\u00e4ndelt werden, fragen Sie uns nach einer Analyse. Wir dokumentieren den Sachstand gerne und schaffen f\u00fcr Sie so eine gute Grundlage f\u00fcr Planungsma\u00dfnahmen.<\/p>\n<p><strong>Rufen Sie mich jetzt an: <a href=\"tel:+4961313029213\">+49 6131 \/ 30 292-13<\/a><\/strong><\/p>\n<p>Ihr Hans-J\u00fcrgen Schwarzer<\/p>\n<p><!-- <\/ezTOC> --><\/p>\n","protected":false},"excerpt":{"rendered":"<p>Im Jahr 2020 wurden bislang bereits empfindliche DSGVO-Strafen und -Bu\u00dfgelder verh\u00e4ngt. Mittlerweile ist es mehr als zwei Jahre her, seit [&hellip;]<\/p>\n","protected":false},"author":2,"featured_media":806,"comment_status":"open","ping_status":"open","sticky":false,"template":"","format":"standard","meta":[],"categories":[1],"tags":[],"features_image":"https:\/\/development-by.schwarzer.de\/blog\/wp-content\/uploads\/2020\/08\/dsgvo-strafen.jpg","rk_cat":null,"rk_date":"24.08.2020","yoast_head":"<title>DSGVO-Strafen in 2020: wof\u00fcr Strafen verh\u00e4ngt werden und wie man sie vermeidet - development-by.schwarzer.de<\/title>\n<meta name=\"robots\" content=\"index, follow, max-snippet:-1, max-image-preview:large, max-video-preview:-1\" \/>\n<link rel=\"canonical\" href=\"https:\/\/development-by.schwarzer.de\/blog\/dsgvo-strafen\/\" \/>\n<meta property=\"og:locale\" content=\"de_DE\" \/>\n<meta property=\"og:type\" content=\"article\" \/>\n<meta property=\"og:title\" content=\"DSGVO-Strafen in 2020: wof\u00fcr Strafen verh\u00e4ngt werden und wie man sie vermeidet - development-by.schwarzer.de\" \/>\n<meta property=\"og:description\" content=\"Im Jahr 2020 wurden bislang bereits empfindliche DSGVO-Strafen und -Bu\u00dfgelder verh\u00e4ngt. Mittlerweile ist es mehr als zwei Jahre her, seit [&hellip;]\" \/>\n<meta property=\"og:url\" content=\"https:\/\/development-by.schwarzer.de\/blog\/dsgvo-strafen\/\" \/>\n<meta property=\"og:site_name\" content=\"development-by.schwarzer.de\" \/>\n<meta property=\"article:published_time\" content=\"2020-08-24T06:00:22+00:00\" \/>\n<meta property=\"article:modified_time\" content=\"2020-09-11T12:22:37+00:00\" \/>\n<meta property=\"og:image\" content=\"https:\/\/development-by.schwarzer.de\/blog\/wp-content\/uploads\/2020\/08\/dsgvo-strafen.jpg\" \/>\n\t<meta property=\"og:image:width\" content=\"1079\" \/>\n\t<meta property=\"og:image:height\" content=\"378\" \/>\n\t<meta property=\"og:image:type\" content=\"image\/jpeg\" \/>\n<meta name=\"twitter:card\" content=\"summary_large_image\" \/>\n<meta name=\"twitter:label1\" content=\"Verfasst von\" \/>\n\t<meta name=\"twitter:data1\" content=\"Hans-J\u00fcrgen Schwarzer\" \/>\n\t<meta name=\"twitter:label2\" content=\"Gesch\u00e4tzte Lesezeit\" \/>\n\t<meta name=\"twitter:data2\" content=\"3 Minuten\" \/>\n<script type=\"application\/ld+json\" class=\"yoast-schema-graph\">{\"@context\":\"https:\/\/schema.org\",\"@graph\":[{\"@type\":\"WebSite\",\"@id\":\"https:\/\/development-by.schwarzer.de\/blog\/#website\",\"url\":\"https:\/\/development-by.schwarzer.de\/blog\/\",\"name\":\"development-by.schwarzer.de\",\"description\":\"\",\"potentialAction\":[{\"@type\":\"SearchAction\",\"target\":{\"@type\":\"EntryPoint\",\"urlTemplate\":\"https:\/\/development-by.schwarzer.de\/blog\/?s={search_term_string}\"},\"query-input\":\"required name=search_term_string\"}],\"inLanguage\":\"de-DE\"},{\"@type\":\"ImageObject\",\"@id\":\"https:\/\/development-by.schwarzer.de\/blog\/dsgvo-strafen\/#primaryimage\",\"inLanguage\":\"de-DE\",\"url\":\"https:\/\/development-by.schwarzer.de\/blog\/wp-content\/uploads\/2020\/08\/dsgvo-strafen.jpg\",\"contentUrl\":\"https:\/\/development-by.schwarzer.de\/blog\/wp-content\/uploads\/2020\/08\/dsgvo-strafen.jpg\",\"width\":1079,\"height\":378,\"caption\":\"DSGVO-Strafen in 2020: wof\u00fcr Strafen verh\u00e4ngt werden und wie man sie vermeidet (Foto: shutterstock - Marcel Strelow)\"},{\"@type\":\"WebPage\",\"@id\":\"https:\/\/development-by.schwarzer.de\/blog\/dsgvo-strafen\/#webpage\",\"url\":\"https:\/\/development-by.schwarzer.de\/blog\/dsgvo-strafen\/\",\"name\":\"DSGVO-Strafen in 2020: wof\u00fcr Strafen verh\u00e4ngt werden und wie man sie vermeidet - development-by.schwarzer.de\",\"isPartOf\":{\"@id\":\"https:\/\/development-by.schwarzer.de\/blog\/#website\"},\"primaryImageOfPage\":{\"@id\":\"https:\/\/development-by.schwarzer.de\/blog\/dsgvo-strafen\/#primaryimage\"},\"datePublished\":\"2020-08-24T06:00:22+00:00\",\"dateModified\":\"2020-09-11T12:22:37+00:00\",\"author\":{\"@id\":\"https:\/\/development-by.schwarzer.de\/blog\/#\/schema\/person\/31bc0011f4b960a9aa559e3f04da4a06\"},\"breadcrumb\":{\"@id\":\"https:\/\/development-by.schwarzer.de\/blog\/dsgvo-strafen\/#breadcrumb\"},\"inLanguage\":\"de-DE\",\"potentialAction\":[{\"@type\":\"ReadAction\",\"target\":[\"https:\/\/development-by.schwarzer.de\/blog\/dsgvo-strafen\/\"]}]},{\"@type\":\"BreadcrumbList\",\"@id\":\"https:\/\/development-by.schwarzer.de\/blog\/dsgvo-strafen\/#breadcrumb\",\"itemListElement\":[{\"@type\":\"ListItem\",\"position\":1,\"name\":\"Startseite\",\"item\":\"https:\/\/development-by.schwarzer.de\/blog\/\"},{\"@type\":\"ListItem\",\"position\":2,\"name\":\"DSGVO-Strafen in 2020: wof\u00fcr Strafen verh\u00e4ngt werden und wie man sie vermeidet\"}]},{\"@type\":\"Person\",\"@id\":\"https:\/\/development-by.schwarzer.de\/blog\/#\/schema\/person\/31bc0011f4b960a9aa559e3f04da4a06\",\"name\":\"Hans-J\u00fcrgen Schwarzer\",\"image\":{\"@type\":\"ImageObject\",\"@id\":\"https:\/\/development-by.schwarzer.de\/blog\/#personlogo\",\"inLanguage\":\"de-DE\",\"url\":\"https:\/\/secure.gravatar.com\/avatar\/2e9a54aaac87c32742c669aa0d5556c1?s=96&d=mm&r=g\",\"contentUrl\":\"https:\/\/secure.gravatar.com\/avatar\/2e9a54aaac87c32742c669aa0d5556c1?s=96&d=mm&r=g\",\"caption\":\"Hans-J\u00fcrgen Schwarzer\"},\"description\":\"Hans-J\u00fcrgen Schwarzer leitet die Digital-Agentur schwarzer.de software + internet gmbh. Als Unternehmer und Verleger in Personalunion wie auch als leidenschaftlicher Blogger geh\u00f6rt er zu den Hauptautoren verschiedener Online-Magazine. Innerhalb seiner breiten Palette an Themen liegen dem Mainzer Lokalpatrioten dabei vermeintlich \u201eschr\u00e4ge\u201c Ideen und technische Novit\u00e4ten besonders am Herzen - Nerdstuff, wie es heute hei\u00dft.\",\"sameAs\":[\"http:\/\/www.schwarzer.de\"],\"url\":\"#\"}]}<\/script>","yoast_head_json":{"title":"DSGVO-Strafen in 2020: wof\u00fcr Strafen verh\u00e4ngt werden und wie man sie vermeidet - development-by.schwarzer.de","robots":{"index":"index","follow":"follow","max-snippet":"max-snippet:-1","max-image-preview":"max-image-preview:large","max-video-preview":"max-video-preview:-1"},"canonical":"https:\/\/development-by.schwarzer.de\/blog\/dsgvo-strafen\/","og_locale":"de_DE","og_type":"article","og_title":"DSGVO-Strafen in 2020: wof\u00fcr Strafen verh\u00e4ngt werden und wie man sie vermeidet - development-by.schwarzer.de","og_description":"Im Jahr 2020 wurden bislang bereits empfindliche DSGVO-Strafen und -Bu\u00dfgelder verh\u00e4ngt. Mittlerweile ist es mehr als zwei Jahre her, seit [&hellip;]","og_url":"https:\/\/development-by.schwarzer.de\/blog\/dsgvo-strafen\/","og_site_name":"development-by.schwarzer.de","article_published_time":"2020-08-24T06:00:22+00:00","article_modified_time":"2020-09-11T12:22:37+00:00","og_image":[{"width":1079,"height":378,"url":"https:\/\/development-by.schwarzer.de\/blog\/wp-content\/uploads\/2020\/08\/dsgvo-strafen.jpg","type":"image\/jpeg"}],"twitter_card":"summary_large_image","twitter_misc":{"Verfasst von":"Hans-J\u00fcrgen Schwarzer","Gesch\u00e4tzte Lesezeit":"3 Minuten"},"schema":{"@context":"https:\/\/schema.org","@graph":[{"@type":"WebSite","@id":"https:\/\/development-by.schwarzer.de\/blog\/#website","url":"https:\/\/development-by.schwarzer.de\/blog\/","name":"development-by.schwarzer.de","description":"","potentialAction":[{"@type":"SearchAction","target":{"@type":"EntryPoint","urlTemplate":"https:\/\/development-by.schwarzer.de\/blog\/?s={search_term_string}"},"query-input":"required name=search_term_string"}],"inLanguage":"de-DE"},{"@type":"ImageObject","@id":"https:\/\/development-by.schwarzer.de\/blog\/dsgvo-strafen\/#primaryimage","inLanguage":"de-DE","url":"https:\/\/development-by.schwarzer.de\/blog\/wp-content\/uploads\/2020\/08\/dsgvo-strafen.jpg","contentUrl":"https:\/\/development-by.schwarzer.de\/blog\/wp-content\/uploads\/2020\/08\/dsgvo-strafen.jpg","width":1079,"height":378,"caption":"DSGVO-Strafen in 2020: wof\u00fcr Strafen verh\u00e4ngt werden und wie man sie vermeidet (Foto: shutterstock - Marcel Strelow)"},{"@type":"WebPage","@id":"https:\/\/development-by.schwarzer.de\/blog\/dsgvo-strafen\/#webpage","url":"https:\/\/development-by.schwarzer.de\/blog\/dsgvo-strafen\/","name":"DSGVO-Strafen in 2020: wof\u00fcr Strafen verh\u00e4ngt werden und wie man sie vermeidet - development-by.schwarzer.de","isPartOf":{"@id":"https:\/\/development-by.schwarzer.de\/blog\/#website"},"primaryImageOfPage":{"@id":"https:\/\/development-by.schwarzer.de\/blog\/dsgvo-strafen\/#primaryimage"},"datePublished":"2020-08-24T06:00:22+00:00","dateModified":"2020-09-11T12:22:37+00:00","author":{"@id":"https:\/\/development-by.schwarzer.de\/blog\/#\/schema\/person\/31bc0011f4b960a9aa559e3f04da4a06"},"breadcrumb":{"@id":"https:\/\/development-by.schwarzer.de\/blog\/dsgvo-strafen\/#breadcrumb"},"inLanguage":"de-DE","potentialAction":[{"@type":"ReadAction","target":["https:\/\/development-by.schwarzer.de\/blog\/dsgvo-strafen\/"]}]},{"@type":"BreadcrumbList","@id":"https:\/\/development-by.schwarzer.de\/blog\/dsgvo-strafen\/#breadcrumb","itemListElement":[{"@type":"ListItem","position":1,"name":"Startseite","item":"https:\/\/development-by.schwarzer.de\/blog\/"},{"@type":"ListItem","position":2,"name":"DSGVO-Strafen in 2020: wof\u00fcr Strafen verh\u00e4ngt werden und wie man sie vermeidet"}]},{"@type":"Person","@id":"https:\/\/development-by.schwarzer.de\/blog\/#\/schema\/person\/31bc0011f4b960a9aa559e3f04da4a06","name":"Hans-J\u00fcrgen Schwarzer","image":{"@type":"ImageObject","@id":"https:\/\/development-by.schwarzer.de\/blog\/#personlogo","inLanguage":"de-DE","url":"https:\/\/secure.gravatar.com\/avatar\/2e9a54aaac87c32742c669aa0d5556c1?s=96&d=mm&r=g","contentUrl":"https:\/\/secure.gravatar.com\/avatar\/2e9a54aaac87c32742c669aa0d5556c1?s=96&d=mm&r=g","caption":"Hans-J\u00fcrgen Schwarzer"},"description":"Hans-J\u00fcrgen Schwarzer leitet die Digital-Agentur schwarzer.de software + internet gmbh. Als Unternehmer und Verleger in Personalunion wie auch als leidenschaftlicher Blogger geh\u00f6rt er zu den Hauptautoren verschiedener Online-Magazine. Innerhalb seiner breiten Palette an Themen liegen dem Mainzer Lokalpatrioten dabei vermeintlich \u201eschr\u00e4ge\u201c Ideen und technische Novit\u00e4ten besonders am Herzen - Nerdstuff, wie es heute hei\u00dft.","sameAs":["http:\/\/www.schwarzer.de"],"url":"#"}]}},"_links":{"self":[{"href":"https:\/\/development-by.schwarzer.de\/blog\/wp-json\/wp\/v2\/posts\/803"}],"collection":[{"href":"https:\/\/development-by.schwarzer.de\/blog\/wp-json\/wp\/v2\/posts"}],"about":[{"href":"https:\/\/development-by.schwarzer.de\/blog\/wp-json\/wp\/v2\/types\/post"}],"author":[{"embeddable":true,"href":"https:\/\/development-by.schwarzer.de\/blog\/wp-json\/wp\/v2\/users\/2"}],"replies":[{"embeddable":true,"href":"https:\/\/development-by.schwarzer.de\/blog\/wp-json\/wp\/v2\/comments?post=803"}],"version-history":[{"count":8,"href":"https:\/\/development-by.schwarzer.de\/blog\/wp-json\/wp\/v2\/posts\/803\/revisions"}],"predecessor-version":[{"id":812,"href":"https:\/\/development-by.schwarzer.de\/blog\/wp-json\/wp\/v2\/posts\/803\/revisions\/812"}],"wp:featuredmedia":[{"embeddable":true,"href":"https:\/\/development-by.schwarzer.de\/blog\/wp-json\/wp\/v2\/media\/806"}],"wp:attachment":[{"href":"https:\/\/development-by.schwarzer.de\/blog\/wp-json\/wp\/v2\/media?parent=803"}],"wp:term":[{"taxonomy":"category","embeddable":true,"href":"https:\/\/development-by.schwarzer.de\/blog\/wp-json\/wp\/v2\/categories?post=803"},{"taxonomy":"post_tag","embeddable":true,"href":"https:\/\/development-by.schwarzer.de\/blog\/wp-json\/wp\/v2\/tags?post=803"}],"curies":[{"name":"wp","href":"https:\/\/api.w.org\/{rel}","templated":true}]}}